{"id":2411,"date":"2026-03-12T17:08:01","date_gmt":"2026-03-12T20:08:01","guid":{"rendered":"https:\/\/capobiancofisioterapia.com.br\/blog\/?p=2411"},"modified":"2026-03-19T17:12:21","modified_gmt":"2026-03-19T20:12:21","slug":"alzheimer-e-fisioterapia-domiciliar-por-que-o-movimento-tambem-e-essencial-para-a-saude-cognitiva","status":"publish","type":"post","link":"https:\/\/capobiancofisioterapia.com.br\/blog\/2026\/03\/12\/alzheimer-e-fisioterapia-domiciliar-por-que-o-movimento-tambem-e-essencial-para-a-saude-cognitiva\/","title":{"rendered":"Alzheimer e fisioterapia: por que o movimento tamb\u00e9m \u00e9 essencial para a sa\u00fade cognitiva"},"content":{"rendered":"\n<p>A <strong>Doen\u00e7a de Alzheimer<\/strong> \u00e9 uma condi\u00e7\u00e3o que impacta profundamente a vida de quem recebe o diagn\u00f3stico e tamb\u00e9m de toda a fam\u00edlia. Conhecida principalmente pelas altera\u00e7\u00f5es de mem\u00f3ria e pelas mudan\u00e7as cognitivas, a doen\u00e7a tamb\u00e9m pode afetar gradualmente a mobilidade, o equil\u00edbrio e a independ\u00eancia funcional da pessoa.<\/p>\n\n\n\n<p>Embora n\u00e3o exista cura para o Alzheimer, diversas estrat\u00e9gias ajudam a preservar a autonomia e a qualidade de vida por mais tempo. Entre elas, a <strong>fisioterapia tem um papel extremamente importante<\/strong>.<\/p>\n\n\n\n<p>Na <strong>Capobianco Fisioterapia<\/strong>, entendemos que o cuidado com pacientes com Alzheimer vai muito al\u00e9m da mem\u00f3ria. O movimento, o est\u00edmulo corporal e a atividade f\u00edsica orientada ajudam n\u00e3o apenas na mobilidade, mas tamb\u00e9m no <strong>funcionamento do c\u00e9rebro, na preven\u00e7\u00e3o de quedas e na manuten\u00e7\u00e3o da autonomia nas atividades do dia a dia<\/strong>.<\/p>\n\n\n\n<p>Neste artigo, voc\u00ea vai entender como a fisioterapia contribui para a sa\u00fade f\u00edsica e cognitiva de pessoas com Alzheimer.<\/p>\n\n\n\n<h2 class=\"wp-block-heading\"><a><\/a> <strong>O que \u00e9 a Doen\u00e7a de Alzheimer?<\/strong><\/h2>\n\n\n\n<p>O Alzheimer \u00e9 uma doen\u00e7a neurodegenerativa progressiva que afeta principalmente \u00e1reas do c\u00e9rebro relacionadas \u00e0 mem\u00f3ria, ao racioc\u00ednio e \u00e0 orienta\u00e7\u00e3o.<\/p>\n\n\n\n<p>Com o avan\u00e7o da doen\u00e7a, o paciente pode apresentar:<\/p>\n\n\n\n<ul class=\"wp-block-list\">\n<li>Perda de mem\u00f3ria recente<br><br><\/li>\n\n\n\n<li>Dificuldade de concentra\u00e7\u00e3o<br><br><\/li>\n\n\n\n<li>Desorienta\u00e7\u00e3o no tempo e no espa\u00e7o<br><br><\/li>\n\n\n\n<li>Altera\u00e7\u00f5es de comportamento<br><br><\/li>\n\n\n\n<li>Dificuldade para realizar tarefas simples<br><br><\/li>\n\n\n\n<li>Redu\u00e7\u00e3o da mobilidade e do equil\u00edbrio<br><br><br><\/li>\n<\/ul>\n\n\n\n<p>Embora o Alzheimer seja conhecido principalmente pelos sintomas cognitivos, ele tamb\u00e9m pode trazer <strong>impactos f\u00edsicos importantes<\/strong>, como diminui\u00e7\u00e3o da for\u00e7a muscular, lentid\u00e3o nos movimentos e maior risco de quedas.<\/p>\n\n\n\n<h2 class=\"wp-block-heading\"><a><\/a> <strong>Por que o movimento \u00e9 importante para o c\u00e9rebro?<\/strong><\/h2>\n\n\n\n<p>O movimento estimula diversas \u00e1reas do c\u00e9rebro ao mesmo tempo. Quando uma pessoa realiza exerc\u00edcios f\u00edsicos, ocorre um aumento do fluxo sangu\u00edneo cerebral, o que melhora a oxigena\u00e7\u00e3o e o funcionamento das c\u00e9lulas nervosas.<\/p>\n\n\n\n<p>Al\u00e9m disso, a atividade f\u00edsica ajuda a estimular a <strong>neuroplasticidade<\/strong>, que \u00e9 a capacidade do c\u00e9rebro de criar novas conex\u00f5es neurais.<\/p>\n\n\n\n<p>Para pacientes com Alzheimer, isso significa que o exerc\u00edcio orientado pode ajudar a:<\/p>\n\n\n\n<ul class=\"wp-block-list\">\n<li>Estimular fun\u00e7\u00f5es cognitivas<br><br><\/li>\n\n\n\n<li>Melhorar a coordena\u00e7\u00e3o motora<br><br><\/li>\n\n\n\n<li>Preservar habilidades funcionais<br><br><\/li>\n\n\n\n<li>Manter maior independ\u00eancia nas atividades di\u00e1rias<br><br><br><\/li>\n<\/ul>\n\n\n\n<p>Por isso, a fisioterapia n\u00e3o atua apenas no corpo, ela tamb\u00e9m contribui para o cuidado com a sa\u00fade cerebral.<\/p>\n\n\n\n<h2 class=\"wp-block-heading\"><a><\/a> <strong>Como a fisioterapia ajuda pacientes com Alzheimer<\/strong><\/h2>\n\n\n\n<p>A fisioterapia tem como objetivo principal <strong>manter o paciente ativo, funcional e seguro<\/strong>, adaptando os exerc\u00edcios conforme o est\u00e1gio da doen\u00e7a.<\/p>\n\n\n\n<p>Entre os principais benef\u00edcios est\u00e3o:<\/p>\n\n\n\n<h3 class=\"wp-block-heading\"><a><\/a> <strong>Manuten\u00e7\u00e3o da mobilidade<\/strong><\/h3>\n\n\n\n<p>Com o avan\u00e7o do Alzheimer, muitos pacientes passam a se movimentar menos, o que pode gerar perda de for\u00e7a e rigidez muscular.<\/p>\n\n\n\n<p>A fisioterapia ajuda a manter o corpo ativo por meio de exerc\u00edcios que estimulam:<\/p>\n\n\n\n<ul class=\"wp-block-list\">\n<li>Mobilidade articular<br><br><\/li>\n\n\n\n<li>Alongamento muscular<br><br><\/li>\n\n\n\n<li>Coordena\u00e7\u00e3o motora<br><br><\/li>\n\n\n\n<li>Movimentos funcionais do dia a dia<br><br><br><\/li>\n<\/ul>\n\n\n\n<p>Isso contribui para preservar a capacidade de caminhar, sentar, levantar e se movimentar com mais facilidade.<\/p>\n\n\n\n<h3 class=\"wp-block-heading\"><a><\/a> <strong>Melhora do equil\u00edbrio e preven\u00e7\u00e3o de quedas<\/strong><\/h3>\n\n\n\n<p>Pacientes com Alzheimer podem apresentar altera\u00e7\u00f5es na percep\u00e7\u00e3o espacial e no controle do equil\u00edbrio, o que aumenta o risco de quedas.<\/p>\n\n\n\n<p>A fisioterapia trabalha exerc\u00edcios espec\u00edficos que ajudam a:<\/p>\n\n\n\n<ul class=\"wp-block-list\">\n<li>Fortalecer m\u00fasculos respons\u00e1veis pela estabilidade<br><br><\/li>\n\n\n\n<li>Melhorar a consci\u00eancia corporal<br><br><\/li>\n\n\n\n<li>Treinar rea\u00e7\u00f5es de equil\u00edbrio<br><br><\/li>\n\n\n\n<li>Aumentar a seguran\u00e7a ao caminhar<br><br><br><\/li>\n<\/ul>\n\n\n\n<p>Esse trabalho \u00e9 fundamental para prevenir acidentes e manter o paciente mais independente.<\/p>\n\n\n\n<h3 class=\"wp-block-heading\"><a><\/a> <strong>Est\u00edmulo cognitivo por meio do movimento<\/strong><\/h3>\n\n\n\n<p>A fisioterapia tamb\u00e9m pode incluir atividades que estimulam simultaneamente o corpo e o c\u00e9rebro.<\/p>\n\n\n\n<p>Exemplos de exerc\u00edcios incluem:<\/p>\n\n\n\n<ul class=\"wp-block-list\">\n<li>Movimentos coordenados com est\u00edmulos visuais ou auditivos<br><br><\/li>\n\n\n\n<li>Atividades que envolvem mem\u00f3ria motora<br><br><\/li>\n\n\n\n<li>Exerc\u00edcios r\u00edtmicos ou com comandos simples<br><br><\/li>\n\n\n\n<li>Sequ\u00eancias de movimentos que estimulam aten\u00e7\u00e3o e concentra\u00e7\u00e3o<br><br><br><\/li>\n<\/ul>\n\n\n\n<p>Essas atividades ajudam a manter o c\u00e9rebro ativo e favorecem a intera\u00e7\u00e3o do paciente com o ambiente.<\/p>\n\n\n\n<h3 class=\"wp-block-heading\"><a><\/a> <strong>Manuten\u00e7\u00e3o da autonomia nas atividades di\u00e1rias<\/strong><\/h3>\n\n\n\n<p>Uma das maiores preocupa\u00e7\u00f5es das fam\u00edlias \u00e9 a perda da independ\u00eancia do paciente.<\/p>\n\n\n\n<p>A fisioterapia trabalha habilidades importantes para o cotidiano, como:<\/p>\n\n\n\n<ul class=\"wp-block-list\">\n<li>Levantar e sentar com seguran\u00e7a<br><br><\/li>\n\n\n\n<li>Caminhar com estabilidade<br><br><\/li>\n\n\n\n<li>Manter postura adequada<br><br><\/li>\n\n\n\n<li>Realizar movimentos funcionais<br><br><br><\/li>\n<\/ul>\n\n\n\n<p>Esses est\u00edmulos ajudam o paciente a manter sua autonomia pelo maior tempo poss\u00edvel.<\/p>\n\n\n\n<h2 class=\"wp-block-heading\"><a><\/a> <strong>O papel da fisioterapia nas diferentes fases do Alzheimer<\/strong><\/h2>\n\n\n\n<p>O tratamento fisioterap\u00eautico pode ser adaptado conforme a evolu\u00e7\u00e3o da doen\u00e7a.<\/p>\n\n\n\n<h3 class=\"wp-block-heading\"><a><\/a> <strong>Fase inicial<\/strong><\/h3>\n\n\n\n<p>Nesta fase, o foco est\u00e1 em <strong>estimular o movimento e manter o n\u00edvel de atividade f\u00edsica<\/strong>.<\/p>\n\n\n\n<p>S\u00e3o trabalhados exerc\u00edcios de:<\/p>\n\n\n\n<ul class=\"wp-block-list\">\n<li>Coordena\u00e7\u00e3o motora<br><br><\/li>\n\n\n\n<li>Equil\u00edbrio<br><br><\/li>\n\n\n\n<li>Fortalecimento muscular<br><br><\/li>\n\n\n\n<li>Mobilidade articular<br><br><br><\/li>\n<\/ul>\n\n\n\n<h3 class=\"wp-block-heading\"><a><\/a> <strong>Fase intermedi\u00e1ria<\/strong><\/h3>\n\n\n\n<p>O objetivo passa a ser <strong>manter as habilidades motoras existentes e prevenir complica\u00e7\u00f5es<\/strong>, como quedas e perda de mobilidade.<\/p>\n\n\n\n<h3 class=\"wp-block-heading\"><a><\/a> <strong>Fase avan\u00e7ada<\/strong><\/h3>\n\n\n\n<p>A fisioterapia atua principalmente na <strong>manuten\u00e7\u00e3o do conforto, preven\u00e7\u00e3o de rigidez muscular e melhora da circula\u00e7\u00e3o<\/strong>, al\u00e9m de ajudar na mobiliza\u00e7\u00e3o segura do paciente.<\/p>\n\n\n\n<h2 class=\"wp-block-heading\"><a><\/a> <strong>Fisioterapia domiciliar para pacientes com Alzheimer<\/strong><\/h2>\n\n\n\n<p>Muitos pacientes com Alzheimer apresentam dificuldade para sair de casa ou se deslocar com seguran\u00e7a. Nesse contexto, a <strong>fisioterapia domiciliar<\/strong> pode ser a melhor op\u00e7\u00e3o.<\/p>\n\n\n\n<p>Na <strong>Capobianco Fisioterapia<\/strong>, o atendimento domiciliar permite que o tratamento seja realizado no ambiente familiar do paciente, o que traz diversos benef\u00edcios:<\/p>\n\n\n\n<ul class=\"wp-block-list\">\n<li>Mais conforto e seguran\u00e7a<br><br><\/li>\n\n\n\n<li>Exerc\u00edcios adaptados ao espa\u00e7o da casa<br><br><\/li>\n\n\n\n<li>Redu\u00e7\u00e3o do estresse causado por deslocamentos<br><br><\/li>\n\n\n\n<li>Participa\u00e7\u00e3o ativa dos familiares no cuidado<br><br><br><\/li>\n<\/ul>\n\n\n\n<p>O fisioterapeuta tamb\u00e9m pode orientar os cuidadores sobre a melhor forma de auxiliar o paciente nas atividades di\u00e1rias, prevenindo les\u00f5es e garantindo mais seguran\u00e7a.<\/p>\n\n\n\n<h2 class=\"wp-block-heading\"><a><\/a> <strong>O cuidado com o paciente e com a fam\u00edlia<\/strong><\/h2>\n\n\n\n<p>O Alzheimer \u00e9 uma condi\u00e7\u00e3o que envolve n\u00e3o apenas o paciente, mas toda a fam\u00edlia. O acompanhamento fisioterap\u00eautico tamb\u00e9m pode ajudar os familiares a entender melhor a evolu\u00e7\u00e3o da doen\u00e7a e a lidar com as mudan\u00e7as no dia a dia.<\/p>\n\n\n\n<p>Orienta\u00e7\u00f5es simples sobre mobilidade, postura e seguran\u00e7a dentro de casa podem fazer grande diferen\u00e7a na qualidade de vida de todos.<\/p>\n\n\n\n<h2 class=\"wp-block-heading\"><a><\/a> <strong>Movimento \u00e9 cuidado<\/strong><\/h2>\n\n\n\n<p>Manter o corpo em movimento \u00e9 uma das formas mais importantes de preservar a sa\u00fade e a autonomia de pessoas com Alzheimer. Mesmo em fases mais avan\u00e7adas da doen\u00e7a, a fisioterapia pode contribuir para conforto, seguran\u00e7a e bem-estar.<\/p>\n\n\n\n<p>Na <strong>Capobianco Fisioterapia<\/strong>, acreditamos que cada paciente merece um cuidado individualizado, respeitando sua hist\u00f3ria, suas limita\u00e7\u00f5es e seu ritmo.<\/p>\n\n\n\n<p>Se voc\u00ea tem um familiar com <strong>Doen\u00e7a de Alzheimer<\/strong> e busca formas de manter sua mobilidade, seguran\u00e7a e qualidade de vida, a equipe da <strong>Capobianco Fisioterapia<\/strong> pode ajudar.<\/p>\n\n\n\n<p>Oferecemos atendimento especializado em consult\u00f3rio e tamb\u00e9m <strong>fisioterapia domiciliar<\/strong>, levando cuidado profissional at\u00e9 o conforto da casa do paciente.<\/p>\n\n\n\n<p>Entre em contato para agendar uma avalia\u00e7\u00e3o e descobrir como o movimento pode ser um aliado importante no cuidado com a sa\u00fade f\u00edsica e cognitiva.<\/p>\n","protected":false},"excerpt":{"rendered":"<p>A Doen\u00e7a de Alzheimer \u00e9 uma condi\u00e7\u00e3o que impacta profundamente a vida de quem recebe o diagn\u00f3stico e tamb\u00e9m de toda a fam\u00edlia. Conhecida principalmente&hellip;<\/p>\n","protected":false},"author":1,"featured_media":2412,"comment_status":"open","ping_status":"open","sticky":false,"template":"","format":"standard","meta":{"footnotes":""},"categories":[16],"tags":[6,28,29,20,76,8,21,7,83,24,72,73,25,27,17,43,75,23,14,92,94],"class_list":["post-2411","post","type-post","status-publish","format-standard","has-post-thumbnail","hentry","category-fisioterapia-domiciliar","tag-fisioterapeuta","tag-fisioterapeuta-domiciliar","tag-fisioterapeuta-home-care","tag-fisioterapeuta-idosos","tag-fisioterapeutas-domiciliares","tag-fisioterapia","tag-fisioterapia-com-idosos","tag-fisioterapia-domiciliar","tag-fisioterapia-domiciliar-oncologica","tag-fisioterapia-em-casa","tag-fisioterapia-geriatrica","tag-fisioterapia-geriatrica-domiciliar","tag-fisioterapia-home","tag-fisioterapia-home-care","tag-fisioterapia-idosos","tag-fisioterapia-neurologica","tag-fisioterapia-ortopedica-domiciliar","tag-fisioterapia-para-idoso-com-dificuldade-de-andar","tag-fisioterapia-para-idosos","tag-fisioterapiafisioterapia","tag-laser-e-ultrassom-fisioterapia",""],"yoast_head":"<!-- This site is optimized with the Yoast SEO plugin v27.2 - https:\/\/yoast.com\/product\/yoast-seo-wordpress\/ -->\n<title>Fisioterapia Domiciliar - Alzheimer e fisioterapia: por que o movimento tamb\u00e9m \u00e9 essencial para a sa\u00fade cognitiva - Capobianco Blog<\/title>\n<meta name=\"description\" content=\"Oferecemos atendimento especializado em consult\u00f3rio e tamb\u00e9m fisioterapia domiciliar, levando cuidado profissional at\u00e9 o conforto da casa...\" \/>\n<meta name=\"robots\" content=\"index, follow, max-snippet:-1, max-image-preview:large, max-video-preview:-1\" \/>\n<link rel=\"canonical\" href=\"https:\/\/capobiancofisioterapia.com.br\/blog\/2026\/03\/12\/alzheimer-e-fisioterapia-domiciliar-por-que-o-movimento-tambem-e-essencial-para-a-saude-cognitiva\/\" \/>\n<meta property=\"og:locale\" content=\"pt_BR\" \/>\n<meta property=\"og:type\" content=\"article\" \/>\n<meta property=\"og:title\" content=\"Fisioterapia Domiciliar - Alzheimer e fisioterapia: por que o movimento tamb\u00e9m \u00e9 essencial para a sa\u00fade cognitiva - Capobianco Blog\" \/>\n<meta property=\"og:description\" content=\"Oferecemos atendimento especializado em consult\u00f3rio e tamb\u00e9m fisioterapia domiciliar, levando cuidado profissional at\u00e9 o conforto da casa...\" \/>\n<meta property=\"og:url\" content=\"https:\/\/capobiancofisioterapia.com.br\/blog\/2026\/03\/12\/alzheimer-e-fisioterapia-domiciliar-por-que-o-movimento-tambem-e-essencial-para-a-saude-cognitiva\/\" \/>\n<meta property=\"og:site_name\" content=\"Capobianco Blog\" \/>\n<meta property=\"article:published_time\" content=\"2026-03-12T20:08:01+00:00\" \/>\n<meta property=\"article:modified_time\" content=\"2026-03-19T20:12:21+00:00\" \/>\n<meta property=\"og:image\" content=\"https:\/\/capobiancofisioterapia.com.br\/blog\/wp-content\/uploads\/2026\/03\/fisioterapia-domiciliar-1024x574.png\" \/>\n\t<meta property=\"og:image:width\" content=\"1024\" \/>\n\t<meta property=\"og:image:height\" content=\"574\" \/>\n\t<meta property=\"og:image:type\" content=\"image\/png\" \/>\n<meta name=\"author\" content=\"Bruna Capobianco\" \/>\n<meta name=\"twitter:card\" content=\"summary_large_image\" \/>\n<meta name=\"twitter:label1\" content=\"Escrito por\" \/>\n\t<meta name=\"twitter:data1\" content=\"Bruna Capobianco\" \/>\n\t<meta name=\"twitter:label2\" content=\"Est. tempo de leitura\" \/>\n\t<meta name=\"twitter:data2\" content=\"6 minutos\" \/>\n<script type=\"application\/ld+json\" class=\"yoast-schema-graph\">{\"@context\":\"https:\/\/schema.org\",\"@graph\":[{\"@type\":\"Article\",\"@id\":\"https:\/\/capobiancofisioterapia.com.br\/blog\/2026\/03\/12\/alzheimer-e-fisioterapia-domiciliar-por-que-o-movimento-tambem-e-essencial-para-a-saude-cognitiva\/#article\",\"isPartOf\":{\"@id\":\"https:\/\/capobiancofisioterapia.com.br\/blog\/2026\/03\/12\/alzheimer-e-fisioterapia-domiciliar-por-que-o-movimento-tambem-e-essencial-para-a-saude-cognitiva\/\"},\"author\":{\"name\":\"Bruna Capobianco\",\"@id\":\"https:\/\/capobiancofisioterapia.com.br\/blog\/#\/schema\/person\/5ff828b86cbf5c630d5c474cf9650949\"},\"headline\":\"Alzheimer e fisioterapia: por que o movimento tamb\u00e9m \u00e9 essencial para a sa\u00fade cognitiva\",\"datePublished\":\"2026-03-12T20:08:01+00:00\",\"dateModified\":\"2026-03-19T20:12:21+00:00\",\"mainEntityOfPage\":{\"@id\":\"https:\/\/capobiancofisioterapia.com.br\/blog\/2026\/03\/12\/alzheimer-e-fisioterapia-domiciliar-por-que-o-movimento-tambem-e-essencial-para-a-saude-cognitiva\/\"},\"wordCount\":1206,\"commentCount\":0,\"image\":{\"@id\":\"https:\/\/capobiancofisioterapia.com.br\/blog\/2026\/03\/12\/alzheimer-e-fisioterapia-domiciliar-por-que-o-movimento-tambem-e-essencial-para-a-saude-cognitiva\/#primaryimage\"},\"thumbnailUrl\":\"https:\/\/capobiancofisioterapia.com.br\/blog\/wp-content\/uploads\/2026\/03\/fisioterapia-domiciliar.png\",\"keywords\":[\"Fisioterapeuta\",\"Fisioterapeuta domiciliar\",\"Fisioterapeuta Home Care\",\"Fisioterapeuta Idosos\",\"Fisioterapeutas Domiciliares\",\"fisioterapia\",\"Fisioterapia com Idosos\",\"Fisioterapia domiciliar\",\"fisioterapia domiciliar oncol\u00f3gica\",\"Fisioterapia em Casa\",\"Fisioterapia Geri\u00e1trica\",\"Fisioterapia Geri\u00e1trica Domiciliar\",\"Fisioterapia Home\",\"Fisioterapia Home Care\",\"Fisioterapia Idosos\",\"Fisioterapia Neurol\u00f3gica\",\"Fisioterapia Ortop\u00e9dica Domiciliar\",\"fisioterapia para idoso com dificuldade de andar\",\"Fisioterapia para Idosos\",\"FisioterapiaFisioterapia\",\"Laser e Ultrassom Fisioterapia\"],\"articleSection\":[\"Fisioterapia Domiciliar\"],\"inLanguage\":\"pt-BR\",\"potentialAction\":[{\"@type\":\"CommentAction\",\"name\":\"Comment\",\"target\":[\"https:\/\/capobiancofisioterapia.com.br\/blog\/2026\/03\/12\/alzheimer-e-fisioterapia-domiciliar-por-que-o-movimento-tambem-e-essencial-para-a-saude-cognitiva\/#respond\"]}]},{\"@type\":\"WebPage\",\"@id\":\"https:\/\/capobiancofisioterapia.com.br\/blog\/2026\/03\/12\/alzheimer-e-fisioterapia-domiciliar-por-que-o-movimento-tambem-e-essencial-para-a-saude-cognitiva\/\",\"url\":\"https:\/\/capobiancofisioterapia.com.br\/blog\/2026\/03\/12\/alzheimer-e-fisioterapia-domiciliar-por-que-o-movimento-tambem-e-essencial-para-a-saude-cognitiva\/\",\"name\":\"Fisioterapia Domiciliar - Alzheimer e fisioterapia: por que o movimento tamb\u00e9m \u00e9 essencial para a sa\u00fade cognitiva - Capobianco Blog\",\"isPartOf\":{\"@id\":\"https:\/\/capobiancofisioterapia.com.br\/blog\/#website\"},\"primaryImageOfPage\":{\"@id\":\"https:\/\/capobiancofisioterapia.com.br\/blog\/2026\/03\/12\/alzheimer-e-fisioterapia-domiciliar-por-que-o-movimento-tambem-e-essencial-para-a-saude-cognitiva\/#primaryimage\"},\"image\":{\"@id\":\"https:\/\/capobiancofisioterapia.com.br\/blog\/2026\/03\/12\/alzheimer-e-fisioterapia-domiciliar-por-que-o-movimento-tambem-e-essencial-para-a-saude-cognitiva\/#primaryimage\"},\"thumbnailUrl\":\"https:\/\/capobiancofisioterapia.com.br\/blog\/wp-content\/uploads\/2026\/03\/fisioterapia-domiciliar.png\",\"datePublished\":\"2026-03-12T20:08:01+00:00\",\"dateModified\":\"2026-03-19T20:12:21+00:00\",\"author\":{\"@id\":\"https:\/\/capobiancofisioterapia.com.br\/blog\/#\/schema\/person\/5ff828b86cbf5c630d5c474cf9650949\"},\"description\":\"Oferecemos atendimento especializado em consult\u00f3rio e tamb\u00e9m fisioterapia domiciliar, levando cuidado profissional at\u00e9 o conforto da casa...\",\"breadcrumb\":{\"@id\":\"https:\/\/capobiancofisioterapia.com.br\/blog\/2026\/03\/12\/alzheimer-e-fisioterapia-domiciliar-por-que-o-movimento-tambem-e-essencial-para-a-saude-cognitiva\/#breadcrumb\"},\"inLanguage\":\"pt-BR\",\"potentialAction\":[{\"@type\":\"ReadAction\",\"target\":[\"https:\/\/capobiancofisioterapia.com.br\/blog\/2026\/03\/12\/alzheimer-e-fisioterapia-domiciliar-por-que-o-movimento-tambem-e-essencial-para-a-saude-cognitiva\/\"]}]},{\"@type\":\"ImageObject\",\"inLanguage\":\"pt-BR\",\"@id\":\"https:\/\/capobiancofisioterapia.com.br\/blog\/2026\/03\/12\/alzheimer-e-fisioterapia-domiciliar-por-que-o-movimento-tambem-e-essencial-para-a-saude-cognitiva\/#primaryimage\",\"url\":\"https:\/\/capobiancofisioterapia.com.br\/blog\/wp-content\/uploads\/2026\/03\/fisioterapia-domiciliar.png\",\"contentUrl\":\"https:\/\/capobiancofisioterapia.com.br\/blog\/wp-content\/uploads\/2026\/03\/fisioterapia-domiciliar.png\",\"width\":2000,\"height\":1121,\"caption\":\"fisioterapia domiciliar\"},{\"@type\":\"BreadcrumbList\",\"@id\":\"https:\/\/capobiancofisioterapia.com.br\/blog\/2026\/03\/12\/alzheimer-e-fisioterapia-domiciliar-por-que-o-movimento-tambem-e-essencial-para-a-saude-cognitiva\/#breadcrumb\",\"itemListElement\":[{\"@type\":\"ListItem\",\"position\":1,\"name\":\"In\u00edcio\",\"item\":\"https:\/\/capobiancofisioterapia.com.br\/blog\/\"},{\"@type\":\"ListItem\",\"position\":2,\"name\":\"Alzheimer e fisioterapia: por que o movimento tamb\u00e9m \u00e9 essencial para a sa\u00fade cognitiva\"}]},{\"@type\":\"WebSite\",\"@id\":\"https:\/\/capobiancofisioterapia.com.br\/blog\/#website\",\"url\":\"https:\/\/capobiancofisioterapia.com.br\/blog\/\",\"name\":\"Capobianco Blog\",\"description\":\"\",\"potentialAction\":[{\"@type\":\"SearchAction\",\"target\":{\"@type\":\"EntryPoint\",\"urlTemplate\":\"https:\/\/capobiancofisioterapia.com.br\/blog\/?s={search_term_string}\"},\"query-input\":{\"@type\":\"PropertyValueSpecification\",\"valueRequired\":true,\"valueName\":\"search_term_string\"}}],\"inLanguage\":\"pt-BR\"},{\"@type\":\"Person\",\"@id\":\"https:\/\/capobiancofisioterapia.com.br\/blog\/#\/schema\/person\/5ff828b86cbf5c630d5c474cf9650949\",\"name\":\"Bruna Capobianco\",\"image\":{\"@type\":\"ImageObject\",\"inLanguage\":\"pt-BR\",\"@id\":\"https:\/\/capobiancofisioterapia.com.br\/blog\/wp-content\/uploads\/2018\/04\/cropped-cropped-cropped-Foto-1_SOBRE-96x96.jpg\",\"url\":\"https:\/\/capobiancofisioterapia.com.br\/blog\/wp-content\/uploads\/2018\/04\/cropped-cropped-cropped-Foto-1_SOBRE-96x96.jpg\",\"contentUrl\":\"https:\/\/capobiancofisioterapia.com.br\/blog\/wp-content\/uploads\/2018\/04\/cropped-cropped-cropped-Foto-1_SOBRE-96x96.jpg\",\"caption\":\"Bruna Capobianco\"},\"sameAs\":[\"https:\/\/capobiancofisioterapia.com.br\/blog\"],\"url\":\"https:\/\/capobiancofisioterapia.com.br\/blog\/author\/admin\/\"}]}<\/script>\n<!-- \/ Yoast SEO plugin. -->","yoast_head_json":{"title":"Fisioterapia Domiciliar - Alzheimer e fisioterapia: por que o movimento tamb\u00e9m \u00e9 essencial para a sa\u00fade cognitiva - Capobianco Blog","description":"Oferecemos atendimento especializado em consult\u00f3rio e tamb\u00e9m fisioterapia domiciliar, levando cuidado profissional at\u00e9 o conforto da casa...","robots":{"index":"index","follow":"follow","max-snippet":"max-snippet:-1","max-image-preview":"max-image-preview:large","max-video-preview":"max-video-preview:-1"},"canonical":"https:\/\/capobiancofisioterapia.com.br\/blog\/2026\/03\/12\/alzheimer-e-fisioterapia-domiciliar-por-que-o-movimento-tambem-e-essencial-para-a-saude-cognitiva\/","og_locale":"pt_BR","og_type":"article","og_title":"Fisioterapia Domiciliar - Alzheimer e fisioterapia: por que o movimento tamb\u00e9m \u00e9 essencial para a sa\u00fade cognitiva - Capobianco Blog","og_description":"Oferecemos atendimento especializado em consult\u00f3rio e tamb\u00e9m fisioterapia domiciliar, levando cuidado profissional at\u00e9 o conforto da casa...","og_url":"https:\/\/capobiancofisioterapia.com.br\/blog\/2026\/03\/12\/alzheimer-e-fisioterapia-domiciliar-por-que-o-movimento-tambem-e-essencial-para-a-saude-cognitiva\/","og_site_name":"Capobianco Blog","article_published_time":"2026-03-12T20:08:01+00:00","article_modified_time":"2026-03-19T20:12:21+00:00","og_image":[{"width":1024,"height":574,"url":"https:\/\/capobiancofisioterapia.com.br\/blog\/wp-content\/uploads\/2026\/03\/fisioterapia-domiciliar-1024x574.png","type":"image\/png"}],"author":"Bruna Capobianco","twitter_card":"summary_large_image","twitter_misc":{"Escrito por":"Bruna Capobianco","Est. tempo de leitura":"6 minutos"},"schema":{"@context":"https:\/\/schema.org","@graph":[{"@type":"Article","@id":"https:\/\/capobiancofisioterapia.com.br\/blog\/2026\/03\/12\/alzheimer-e-fisioterapia-domiciliar-por-que-o-movimento-tambem-e-essencial-para-a-saude-cognitiva\/#article","isPartOf":{"@id":"https:\/\/capobiancofisioterapia.com.br\/blog\/2026\/03\/12\/alzheimer-e-fisioterapia-domiciliar-por-que-o-movimento-tambem-e-essencial-para-a-saude-cognitiva\/"},"author":{"name":"Bruna Capobianco","@id":"https:\/\/capobiancofisioterapia.com.br\/blog\/#\/schema\/person\/5ff828b86cbf5c630d5c474cf9650949"},"headline":"Alzheimer e fisioterapia: por que o movimento tamb\u00e9m \u00e9 essencial para a sa\u00fade cognitiva","datePublished":"2026-03-12T20:08:01+00:00","dateModified":"2026-03-19T20:12:21+00:00","mainEntityOfPage":{"@id":"https:\/\/capobiancofisioterapia.com.br\/blog\/2026\/03\/12\/alzheimer-e-fisioterapia-domiciliar-por-que-o-movimento-tambem-e-essencial-para-a-saude-cognitiva\/"},"wordCount":1206,"commentCount":0,"image":{"@id":"https:\/\/capobiancofisioterapia.com.br\/blog\/2026\/03\/12\/alzheimer-e-fisioterapia-domiciliar-por-que-o-movimento-tambem-e-essencial-para-a-saude-cognitiva\/#primaryimage"},"thumbnailUrl":"https:\/\/capobiancofisioterapia.com.br\/blog\/wp-content\/uploads\/2026\/03\/fisioterapia-domiciliar.png","keywords":["Fisioterapeuta","Fisioterapeuta domiciliar","Fisioterapeuta Home Care","Fisioterapeuta Idosos","Fisioterapeutas Domiciliares","fisioterapia","Fisioterapia com Idosos","Fisioterapia domiciliar","fisioterapia domiciliar oncol\u00f3gica","Fisioterapia em Casa","Fisioterapia Geri\u00e1trica","Fisioterapia Geri\u00e1trica Domiciliar","Fisioterapia Home","Fisioterapia Home Care","Fisioterapia Idosos","Fisioterapia Neurol\u00f3gica","Fisioterapia Ortop\u00e9dica Domiciliar","fisioterapia para idoso com dificuldade de andar","Fisioterapia para Idosos","FisioterapiaFisioterapia","Laser e Ultrassom Fisioterapia"],"articleSection":["Fisioterapia Domiciliar"],"inLanguage":"pt-BR","potentialAction":[{"@type":"CommentAction","name":"Comment","target":["https:\/\/capobiancofisioterapia.com.br\/blog\/2026\/03\/12\/alzheimer-e-fisioterapia-domiciliar-por-que-o-movimento-tambem-e-essencial-para-a-saude-cognitiva\/#respond"]}]},{"@type":"WebPage","@id":"https:\/\/capobiancofisioterapia.com.br\/blog\/2026\/03\/12\/alzheimer-e-fisioterapia-domiciliar-por-que-o-movimento-tambem-e-essencial-para-a-saude-cognitiva\/","url":"https:\/\/capobiancofisioterapia.com.br\/blog\/2026\/03\/12\/alzheimer-e-fisioterapia-domiciliar-por-que-o-movimento-tambem-e-essencial-para-a-saude-cognitiva\/","name":"Fisioterapia Domiciliar - Alzheimer e fisioterapia: por que o movimento tamb\u00e9m \u00e9 essencial para a sa\u00fade cognitiva - Capobianco Blog","isPartOf":{"@id":"https:\/\/capobiancofisioterapia.com.br\/blog\/#website"},"primaryImageOfPage":{"@id":"https:\/\/capobiancofisioterapia.com.br\/blog\/2026\/03\/12\/alzheimer-e-fisioterapia-domiciliar-por-que-o-movimento-tambem-e-essencial-para-a-saude-cognitiva\/#primaryimage"},"image":{"@id":"https:\/\/capobiancofisioterapia.com.br\/blog\/2026\/03\/12\/alzheimer-e-fisioterapia-domiciliar-por-que-o-movimento-tambem-e-essencial-para-a-saude-cognitiva\/#primaryimage"},"thumbnailUrl":"https:\/\/capobiancofisioterapia.com.br\/blog\/wp-content\/uploads\/2026\/03\/fisioterapia-domiciliar.png","datePublished":"2026-03-12T20:08:01+00:00","dateModified":"2026-03-19T20:12:21+00:00","author":{"@id":"https:\/\/capobiancofisioterapia.com.br\/blog\/#\/schema\/person\/5ff828b86cbf5c630d5c474cf9650949"},"description":"Oferecemos atendimento especializado em consult\u00f3rio e tamb\u00e9m fisioterapia domiciliar, levando cuidado profissional at\u00e9 o conforto da casa...","breadcrumb":{"@id":"https:\/\/capobiancofisioterapia.com.br\/blog\/2026\/03\/12\/alzheimer-e-fisioterapia-domiciliar-por-que-o-movimento-tambem-e-essencial-para-a-saude-cognitiva\/#breadcrumb"},"inLanguage":"pt-BR","potentialAction":[{"@type":"ReadAction","target":["https:\/\/capobiancofisioterapia.com.br\/blog\/2026\/03\/12\/alzheimer-e-fisioterapia-domiciliar-por-que-o-movimento-tambem-e-essencial-para-a-saude-cognitiva\/"]}]},{"@type":"ImageObject","inLanguage":"pt-BR","@id":"https:\/\/capobiancofisioterapia.com.br\/blog\/2026\/03\/12\/alzheimer-e-fisioterapia-domiciliar-por-que-o-movimento-tambem-e-essencial-para-a-saude-cognitiva\/#primaryimage","url":"https:\/\/capobiancofisioterapia.com.br\/blog\/wp-content\/uploads\/2026\/03\/fisioterapia-domiciliar.png","contentUrl":"https:\/\/capobiancofisioterapia.com.br\/blog\/wp-content\/uploads\/2026\/03\/fisioterapia-domiciliar.png","width":2000,"height":1121,"caption":"fisioterapia domiciliar"},{"@type":"BreadcrumbList","@id":"https:\/\/capobiancofisioterapia.com.br\/blog\/2026\/03\/12\/alzheimer-e-fisioterapia-domiciliar-por-que-o-movimento-tambem-e-essencial-para-a-saude-cognitiva\/#breadcrumb","itemListElement":[{"@type":"ListItem","position":1,"name":"In\u00edcio","item":"https:\/\/capobiancofisioterapia.com.br\/blog\/"},{"@type":"ListItem","position":2,"name":"Alzheimer e fisioterapia: por que o movimento tamb\u00e9m \u00e9 essencial para a sa\u00fade cognitiva"}]},{"@type":"WebSite","@id":"https:\/\/capobiancofisioterapia.com.br\/blog\/#website","url":"https:\/\/capobiancofisioterapia.com.br\/blog\/","name":"Capobianco Blog","description":"","potentialAction":[{"@type":"SearchAction","target":{"@type":"EntryPoint","urlTemplate":"https:\/\/capobiancofisioterapia.com.br\/blog\/?s={search_term_string}"},"query-input":{"@type":"PropertyValueSpecification","valueRequired":true,"valueName":"search_term_string"}}],"inLanguage":"pt-BR"},{"@type":"Person","@id":"https:\/\/capobiancofisioterapia.com.br\/blog\/#\/schema\/person\/5ff828b86cbf5c630d5c474cf9650949","name":"Bruna Capobianco","image":{"@type":"ImageObject","inLanguage":"pt-BR","@id":"https:\/\/capobiancofisioterapia.com.br\/blog\/wp-content\/uploads\/2018\/04\/cropped-cropped-cropped-Foto-1_SOBRE-96x96.jpg","url":"https:\/\/capobiancofisioterapia.com.br\/blog\/wp-content\/uploads\/2018\/04\/cropped-cropped-cropped-Foto-1_SOBRE-96x96.jpg","contentUrl":"https:\/\/capobiancofisioterapia.com.br\/blog\/wp-content\/uploads\/2018\/04\/cropped-cropped-cropped-Foto-1_SOBRE-96x96.jpg","caption":"Bruna Capobianco"},"sameAs":["https:\/\/capobiancofisioterapia.com.br\/blog"],"url":"https:\/\/capobiancofisioterapia.com.br\/blog\/author\/admin\/"}]}},"_links":{"self":[{"href":"https:\/\/capobiancofisioterapia.com.br\/blog\/wp-json\/wp\/v2\/posts\/2411","targetHints":{"allow":["GET"]}}],"collection":[{"href":"https:\/\/capobiancofisioterapia.com.br\/blog\/wp-json\/wp\/v2\/posts"}],"about":[{"href":"https:\/\/capobiancofisioterapia.com.br\/blog\/wp-json\/wp\/v2\/types\/post"}],"author":[{"embeddable":true,"href":"https:\/\/capobiancofisioterapia.com.br\/blog\/wp-json\/wp\/v2\/users\/1"}],"replies":[{"embeddable":true,"href":"https:\/\/capobiancofisioterapia.com.br\/blog\/wp-json\/wp\/v2\/comments?post=2411"}],"version-history":[{"count":1,"href":"https:\/\/capobiancofisioterapia.com.br\/blog\/wp-json\/wp\/v2\/posts\/2411\/revisions"}],"predecessor-version":[{"id":2413,"href":"https:\/\/capobiancofisioterapia.com.br\/blog\/wp-json\/wp\/v2\/posts\/2411\/revisions\/2413"}],"wp:featuredmedia":[{"embeddable":true,"href":"https:\/\/capobiancofisioterapia.com.br\/blog\/wp-json\/wp\/v2\/media\/2412"}],"wp:attachment":[{"href":"https:\/\/capobiancofisioterapia.com.br\/blog\/wp-json\/wp\/v2\/media?parent=2411"}],"wp:term":[{"taxonomy":"category","embeddable":true,"href":"https:\/\/capobiancofisioterapia.com.br\/blog\/wp-json\/wp\/v2\/categories?post=2411"},{"taxonomy":"post_tag","embeddable":true,"href":"https:\/\/capobiancofisioterapia.com.br\/blog\/wp-json\/wp\/v2\/tags?post=2411"}],"curies":[{"name":"wp","href":"https:\/\/api.w.org\/{rel}","templated":true}]}}